{"id":18514,"date":"2025-07-22T12:35:22","date_gmt":"2025-07-22T10:35:22","guid":{"rendered":"https:\/\/alumni.umh.es\/?p=18514"},"modified":"2025-07-22T12:35:22","modified_gmt":"2025-07-22T10:35:22","slug":"hector-martin-doble-campeon-de-espana-de-atletismo-adaptado","status":"publish","type":"post","link":"https:\/\/alumni.umh.es\/en\/2025\/07\/22\/hector-martin-doble-campeon-de-espana-de-atletismo-adaptado\/","title":{"rendered":"<span lang=\"es\">(Espa\u00f1ol) \u00a1H\u00e9ctor Mart\u00edn, doble campe\u00f3n de Espa\u00f1a de atletismo adaptado!<\/span>"},"content":{"rendered":"<p class=\"qtranxs-available-languages-message qtranxs-available-languages-message-en\">Sorry, this entry is only available in <a href=\"https:\/\/alumni.umh.es\/es\/wp-json\/wp\/v2\/posts\/18514\" class=\"qtranxs-available-language-link qtranxs-available-language-link-es\" title=\"Espa\u00f1ol\">European Spanish<\/a>.<\/p>","protected":false},"excerpt":{"rendered":"<p>Sorry, this entry is only available in European Spanish.<\/p>\n","protected":false},"author":30297,"featured_media":0,"comment_status":"closed","ping_status":"open","sticky":false,"template":"","format":"standard","meta":{"ngg_post_thumbnail":0,"_links_to":"","_links_to_target":""},"categories":[14764],"tags":[46026,38421,3081],"_links":{"self":[{"href":"https:\/\/alumni.umh.es\/en\/wp-json\/wp\/v2\/posts\/18514"}],"collection":[{"href":"https:\/\/alumni.umh.es\/en\/wp-json\/wp\/v2\/posts"}],"about":[{"href":"https:\/\/alumni.umh.es\/en\/wp-json\/wp\/v2\/types\/post"}],"author":[{"embeddable":true,"href":"https:\/\/alumni.umh.es\/en\/wp-json\/wp\/v2\/users\/30297"}],"replies":[{"embeddable":true,"href":"https:\/\/alumni.umh.es\/en\/wp-json\/wp\/v2\/comments?post=18514"}],"version-history":[{"count":0,"href":"https:\/\/alumni.umh.es\/en\/wp-json\/wp\/v2\/posts\/18514\/revisions"}],"wp:attachment":[{"href":"https:\/\/alumni.umh.es\/en\/wp-json\/wp\/v2\/media?parent=18514"}],"wp:term":[{"taxonomy":"category","embeddable":true,"href":"https:\/\/alumni.umh.es\/en\/wp-json\/wp\/v2\/categories?post=18514"},{"taxonomy":"post_tag","embeddable":true,"href":"https:\/\/alumni.umh.es\/en\/wp-json\/wp\/v2\/tags?post=18514"}],"curies":[{"name":"wp","href":"https:\/\/api.w.org\/{rel}","templated":true}]}}