{"id":18037,"date":"2025-05-22T10:03:14","date_gmt":"2025-05-22T08:03:14","guid":{"rendered":"https:\/\/alumni.umh.es\/?p=18037"},"modified":"2025-09-24T09:30:53","modified_gmt":"2025-09-24T07:30:53","slug":"alumni-umh-global-con-oscar-jaen-de-la-umh-a-nestle-pasando-por-un-erasmus-en-paris","status":"publish","type":"post","link":"https:\/\/alumni.umh.es\/en\/2025\/05\/22\/alumni-umh-global-con-oscar-jaen-de-la-umh-a-nestle-pasando-por-un-erasmus-en-paris\/","title":{"rendered":"<span lang=\"es\">(Espa\u00f1ol) Alumni UMH Global con \u00d3scar Ja\u00e9n: de la UMH a Nestl\u00e9 pasando por un Erasmus en Par\u00eds<\/span>"},"content":{"rendered":"<p class=\"qtranxs-available-languages-message qtranxs-available-languages-message-en\">Sorry, this entry is only available in <a href=\"https:\/\/alumni.umh.es\/es\/wp-json\/wp\/v2\/posts\/18037\" class=\"qtranxs-available-language-link qtranxs-available-language-link-es\" title=\"Espa\u00f1ol\">European Spanish<\/a>.<\/p>","protected":false},"excerpt":{"rendered":"<p>Sorry, this entry is only available in European Spanish.<\/p>\n","protected":false},"author":30297,"featured_media":0,"comment_status":"closed","ping_status":"open","sticky":false,"template":"","format":"standard","meta":{"ngg_post_thumbnail":0,"_links_to":"","_links_to_target":""},"categories":[14764],"tags":[1490504,284,38420,29752,181,41893],"_links":{"self":[{"href":"https:\/\/alumni.umh.es\/en\/wp-json\/wp\/v2\/posts\/18037"}],"collection":[{"href":"https:\/\/alumni.umh.es\/en\/wp-json\/wp\/v2\/posts"}],"about":[{"href":"https:\/\/alumni.umh.es\/en\/wp-json\/wp\/v2\/types\/post"}],"author":[{"embeddable":true,"href":"https:\/\/alumni.umh.es\/en\/wp-json\/wp\/v2\/users\/30297"}],"replies":[{"embeddable":true,"href":"https:\/\/alumni.umh.es\/en\/wp-json\/wp\/v2\/comments?post=18037"}],"version-history":[{"count":0,"href":"https:\/\/alumni.umh.es\/en\/wp-json\/wp\/v2\/posts\/18037\/revisions"}],"wp:attachment":[{"href":"https:\/\/alumni.umh.es\/en\/wp-json\/wp\/v2\/media?parent=18037"}],"wp:term":[{"taxonomy":"category","embeddable":true,"href":"https:\/\/alumni.umh.es\/en\/wp-json\/wp\/v2\/categories?post=18037"},{"taxonomy":"post_tag","embeddable":true,"href":"https:\/\/alumni.umh.es\/en\/wp-json\/wp\/v2\/tags?post=18037"}],"curies":[{"name":"wp","href":"https:\/\/api.w.org\/{rel}","templated":true}]}}