{"id":831,"date":"2016-01-26T11:38:27","date_gmt":"2016-01-26T10:38:27","guid":{"rendered":"http:\/\/alumni.umh.es\/?p=831"},"modified":"2020-07-02T09:46:58","modified_gmt":"2020-07-02T07:46:58","slug":"galeria-fotografica-entrega-de-premios-de-la-campana-de-redes-sociales","status":"publish","type":"post","link":"https:\/\/alumni.umh.es\/ca\/2016\/01\/26\/galeria-fotografica-entrega-de-premios-de-la-campana-de-redes-sociales\/","title":{"rendered":"<span lang=\"es\">(Espa\u00f1ol) Galer\u00eda fotogr\u00e1fica. Entrega de premios de la campa\u00f1a de redes sociales<\/span>"},"content":{"rendered":"<p class=\"qtranxs-available-languages-message qtranxs-available-languages-message-ca\">Ho sentim, aquesta entrada es troba disponible \u00fanicament en <a href=\"https:\/\/alumni.umh.es\/es\/wp-json\/wp\/v2\/posts\/831\" class=\"qtranxs-available-language-link qtranxs-available-language-link-es\" title=\"Espa\u00f1ol\">Espanyol Europeu<\/a>.<\/p>","protected":false},"excerpt":{"rendered":"<p>Ho sentim, aquesta entrada es troba disponible \u00fanicament en Espanyol Europeu.<\/p>\n","protected":false},"author":3108,"featured_media":0,"comment_status":"closed","ping_status":"open","sticky":false,"template":"","format":"standard","meta":{"ngg_post_thumbnail":0,"_links_to":"","_links_to_target":""},"categories":[14764],"tags":[990],"_links":{"self":[{"href":"https:\/\/alumni.umh.es\/ca\/wp-json\/wp\/v2\/posts\/831"}],"collection":[{"href":"https:\/\/alumni.umh.es\/ca\/wp-json\/wp\/v2\/posts"}],"about":[{"href":"https:\/\/alumni.umh.es\/ca\/wp-json\/wp\/v2\/types\/post"}],"author":[{"embeddable":true,"href":"https:\/\/alumni.umh.es\/ca\/wp-json\/wp\/v2\/users\/3108"}],"replies":[{"embeddable":true,"href":"https:\/\/alumni.umh.es\/ca\/wp-json\/wp\/v2\/comments?post=831"}],"version-history":[{"count":0,"href":"https:\/\/alumni.umh.es\/ca\/wp-json\/wp\/v2\/posts\/831\/revisions"}],"wp:attachment":[{"href":"https:\/\/alumni.umh.es\/ca\/wp-json\/wp\/v2\/media?parent=831"}],"wp:term":[{"taxonomy":"category","embeddable":true,"href":"https:\/\/alumni.umh.es\/ca\/wp-json\/wp\/v2\/categories?post=831"},{"taxonomy":"post_tag","embeddable":true,"href":"https:\/\/alumni.umh.es\/ca\/wp-json\/wp\/v2\/tags?post=831"}],"curies":[{"name":"wp","href":"https:\/\/api.w.org\/{rel}","templated":true}]}}