{"id":6182,"date":"2018-11-27T14:38:43","date_gmt":"2018-11-27T13:38:43","guid":{"rendered":"http:\/\/alumni.umh.es\/?p=6182"},"modified":"2018-11-27T14:43:23","modified_gmt":"2018-11-27T13:43:23","slug":"belen-martinez-y-carlos-belso-participan-en-el-despierta-umh-en-maristas-alicante","status":"publish","type":"post","link":"https:\/\/alumni.umh.es\/ca\/2018\/11\/27\/belen-martinez-y-carlos-belso-participan-en-el-despierta-umh-en-maristas-alicante\/","title":{"rendered":"<span lang=\"es\">(Espa\u00f1ol) Bel\u00e9n Mart\u00ednez y Carlos Belso participan en el Despierta UMH en Maristas Alicante<\/span>"},"content":{"rendered":"<p class=\"qtranxs-available-languages-message qtranxs-available-languages-message-ca\">Ho sentim, aquesta entrada es troba disponible \u00fanicament en <a href=\"https:\/\/alumni.umh.es\/es\/wp-json\/wp\/v2\/posts\/6182\" class=\"qtranxs-available-language-link qtranxs-available-language-link-es\" title=\"Espa\u00f1ol\">Espanyol Europeu<\/a>.<\/p>","protected":false},"excerpt":{"rendered":"<p>Ho sentim, aquesta entrada es troba disponible \u00fanicament en Espanyol Europeu.<\/p>\n","protected":false},"author":4562,"featured_media":0,"comment_status":"closed","ping_status":"open","sticky":false,"template":"","format":"standard","meta":{"ngg_post_thumbnail":0,"_links_to":"","_links_to_target":""},"categories":[14764],"tags":[66047,38393,41897,41921],"_links":{"self":[{"href":"https:\/\/alumni.umh.es\/ca\/wp-json\/wp\/v2\/posts\/6182"}],"collection":[{"href":"https:\/\/alumni.umh.es\/ca\/wp-json\/wp\/v2\/posts"}],"about":[{"href":"https:\/\/alumni.umh.es\/ca\/wp-json\/wp\/v2\/types\/post"}],"author":[{"embeddable":true,"href":"https:\/\/alumni.umh.es\/ca\/wp-json\/wp\/v2\/users\/4562"}],"replies":[{"embeddable":true,"href":"https:\/\/alumni.umh.es\/ca\/wp-json\/wp\/v2\/comments?post=6182"}],"version-history":[{"count":0,"href":"https:\/\/alumni.umh.es\/ca\/wp-json\/wp\/v2\/posts\/6182\/revisions"}],"wp:attachment":[{"href":"https:\/\/alumni.umh.es\/ca\/wp-json\/wp\/v2\/media?parent=6182"}],"wp:term":[{"taxonomy":"category","embeddable":true,"href":"https:\/\/alumni.umh.es\/ca\/wp-json\/wp\/v2\/categories?post=6182"},{"taxonomy":"post_tag","embeddable":true,"href":"https:\/\/alumni.umh.es\/ca\/wp-json\/wp\/v2\/tags?post=6182"}],"curies":[{"name":"wp","href":"https:\/\/api.w.org\/{rel}","templated":true}]}}