{"id":16722,"date":"2024-09-30T09:48:27","date_gmt":"2024-09-30T07:48:27","guid":{"rendered":"https:\/\/alumni.umh.es\/?p=16722"},"modified":"2024-09-30T09:48:27","modified_gmt":"2024-09-30T07:48:27","slug":"boletin-tu-eres-alumni-umh-septiembre-2024","status":"publish","type":"post","link":"https:\/\/alumni.umh.es\/ca\/2024\/09\/30\/boletin-tu-eres-alumni-umh-septiembre-2024\/","title":{"rendered":"<span lang=\"es\">(Espa\u00f1ol) Bolet\u00edn T\u00fa eres Alumni UMH septiembre 2024<\/span>"},"content":{"rendered":"<p class=\"qtranxs-available-languages-message qtranxs-available-languages-message-ca\">Ho sentim, aquesta entrada es troba disponible \u00fanicament en <a href=\"https:\/\/alumni.umh.es\/es\/wp-json\/wp\/v2\/posts\/16722\" class=\"qtranxs-available-language-link qtranxs-available-language-link-es\" title=\"Espa\u00f1ol\">Espanyol Europeu<\/a>.<\/p>","protected":false},"excerpt":{"rendered":"<p>Ho sentim, aquesta entrada es troba disponible \u00fanicament en Espanyol Europeu.<\/p>\n","protected":false},"author":28580,"featured_media":0,"comment_status":"closed","ping_status":"open","sticky":false,"template":"","format":"standard","meta":{"ngg_post_thumbnail":0,"_links_to":"","_links_to_target":""},"categories":[14764],"tags":[4687],"_links":{"self":[{"href":"https:\/\/alumni.umh.es\/ca\/wp-json\/wp\/v2\/posts\/16722"}],"collection":[{"href":"https:\/\/alumni.umh.es\/ca\/wp-json\/wp\/v2\/posts"}],"about":[{"href":"https:\/\/alumni.umh.es\/ca\/wp-json\/wp\/v2\/types\/post"}],"author":[{"embeddable":true,"href":"https:\/\/alumni.umh.es\/ca\/wp-json\/wp\/v2\/users\/28580"}],"replies":[{"embeddable":true,"href":"https:\/\/alumni.umh.es\/ca\/wp-json\/wp\/v2\/comments?post=16722"}],"version-history":[{"count":0,"href":"https:\/\/alumni.umh.es\/ca\/wp-json\/wp\/v2\/posts\/16722\/revisions"}],"wp:attachment":[{"href":"https:\/\/alumni.umh.es\/ca\/wp-json\/wp\/v2\/media?parent=16722"}],"wp:term":[{"taxonomy":"category","embeddable":true,"href":"https:\/\/alumni.umh.es\/ca\/wp-json\/wp\/v2\/categories?post=16722"},{"taxonomy":"post_tag","embeddable":true,"href":"https:\/\/alumni.umh.es\/ca\/wp-json\/wp\/v2\/tags?post=16722"}],"curies":[{"name":"wp","href":"https:\/\/api.w.org\/{rel}","templated":true}]}}