{"id":14861,"date":"2023-05-17T11:19:01","date_gmt":"2023-05-17T09:19:01","guid":{"rendered":"https:\/\/alumni.umh.es\/?p=14861"},"modified":"2025-09-24T08:55:47","modified_gmt":"2025-09-24T06:55:47","slug":"video-entrevistasalumniumh-pablo-sanz-master-en-investigacion-en-atencion-primaria","status":"publish","type":"post","link":"https:\/\/alumni.umh.es\/ca\/2023\/05\/17\/video-entrevistasalumniumh-pablo-sanz-master-en-investigacion-en-atencion-primaria\/","title":{"rendered":"<span lang=\"es\">(Espa\u00f1ol) V\u00eddeo #EntrevistasAlumniUMH: Pablo Sanz (M\u00e1ster en Investigaci\u00f3n en Atenci\u00f3n Primaria)<\/span>"},"content":{"rendered":"<p class=\"qtranxs-available-languages-message qtranxs-available-languages-message-ca\">Ho sentim, aquesta entrada es troba disponible \u00fanicament en <a href=\"https:\/\/alumni.umh.es\/es\/wp-json\/wp\/v2\/posts\/14861\" class=\"qtranxs-available-language-link qtranxs-available-language-link-es\" title=\"Espa\u00f1ol\">Espanyol Europeu<\/a>.<\/p>","protected":false},"excerpt":{"rendered":"<p>Ho sentim, aquesta entrada es troba disponible \u00fanicament en Espanyol Europeu.<\/p>\n","protected":false},"author":23260,"featured_media":0,"comment_status":"closed","ping_status":"open","sticky":false,"template":"","format":"standard","meta":{"ngg_post_thumbnail":0,"_links_to":"","_links_to_target":""},"categories":[14764],"tags":[46091,100142,70,46049,35954,4640,3081,589],"_links":{"self":[{"href":"https:\/\/alumni.umh.es\/ca\/wp-json\/wp\/v2\/posts\/14861"}],"collection":[{"href":"https:\/\/alumni.umh.es\/ca\/wp-json\/wp\/v2\/posts"}],"about":[{"href":"https:\/\/alumni.umh.es\/ca\/wp-json\/wp\/v2\/types\/post"}],"author":[{"embeddable":true,"href":"https:\/\/alumni.umh.es\/ca\/wp-json\/wp\/v2\/users\/23260"}],"replies":[{"embeddable":true,"href":"https:\/\/alumni.umh.es\/ca\/wp-json\/wp\/v2\/comments?post=14861"}],"version-history":[{"count":0,"href":"https:\/\/alumni.umh.es\/ca\/wp-json\/wp\/v2\/posts\/14861\/revisions"}],"wp:attachment":[{"href":"https:\/\/alumni.umh.es\/ca\/wp-json\/wp\/v2\/media?parent=14861"}],"wp:term":[{"taxonomy":"category","embeddable":true,"href":"https:\/\/alumni.umh.es\/ca\/wp-json\/wp\/v2\/categories?post=14861"},{"taxonomy":"post_tag","embeddable":true,"href":"https:\/\/alumni.umh.es\/ca\/wp-json\/wp\/v2\/tags?post=14861"}],"curies":[{"name":"wp","href":"https:\/\/api.w.org\/{rel}","templated":true}]}}