{"id":12253,"date":"2022-03-30T10:59:25","date_gmt":"2022-03-30T08:59:25","guid":{"rendered":"https:\/\/alumni.umh.es\/?p=12253"},"modified":"2022-03-30T11:06:47","modified_gmt":"2022-03-30T09:06:47","slug":"alumniumhfelicita-ana-esclapez-directora-formacion-y-comunicacion-fundacion-umh","status":"publish","type":"post","link":"https:\/\/alumni.umh.es\/ca\/2022\/03\/30\/alumniumhfelicita-ana-esclapez-directora-formacion-y-comunicacion-fundacion-umh\/","title":{"rendered":"<span lang=\"es\">(Espa\u00f1ol) #AlumniUMHfelicita: Ana Esclapez (directora formaci\u00f3n y comunicaci\u00f3n Fundaci\u00f3n UMH)<\/span>"},"content":{"rendered":"<p class=\"qtranxs-available-languages-message qtranxs-available-languages-message-ca\">Ho sentim, aquesta entrada es troba disponible \u00fanicament en <a href=\"https:\/\/alumni.umh.es\/es\/wp-json\/wp\/v2\/posts\/12253\" class=\"qtranxs-available-language-link qtranxs-available-language-link-es\" title=\"Espa\u00f1ol\">Espanyol Europeu<\/a>.<\/p>","protected":false},"excerpt":{"rendered":"<p>Ho sentim, aquesta entrada es troba disponible \u00fanicament en Espanyol Europeu.<\/p>\n","protected":false},"author":510,"featured_media":0,"comment_status":"closed","ping_status":"open","sticky":false,"template":"","format":"standard","meta":{"ngg_post_thumbnail":0,"_links_to":"","_links_to_target":""},"categories":[14764],"tags":[100069,38420,766,41893],"_links":{"self":[{"href":"https:\/\/alumni.umh.es\/ca\/wp-json\/wp\/v2\/posts\/12253"}],"collection":[{"href":"https:\/\/alumni.umh.es\/ca\/wp-json\/wp\/v2\/posts"}],"about":[{"href":"https:\/\/alumni.umh.es\/ca\/wp-json\/wp\/v2\/types\/post"}],"author":[{"embeddable":true,"href":"https:\/\/alumni.umh.es\/ca\/wp-json\/wp\/v2\/users\/510"}],"replies":[{"embeddable":true,"href":"https:\/\/alumni.umh.es\/ca\/wp-json\/wp\/v2\/comments?post=12253"}],"version-history":[{"count":0,"href":"https:\/\/alumni.umh.es\/ca\/wp-json\/wp\/v2\/posts\/12253\/revisions"}],"wp:attachment":[{"href":"https:\/\/alumni.umh.es\/ca\/wp-json\/wp\/v2\/media?parent=12253"}],"wp:term":[{"taxonomy":"category","embeddable":true,"href":"https:\/\/alumni.umh.es\/ca\/wp-json\/wp\/v2\/categories?post=12253"},{"taxonomy":"post_tag","embeddable":true,"href":"https:\/\/alumni.umh.es\/ca\/wp-json\/wp\/v2\/tags?post=12253"}],"curies":[{"name":"wp","href":"https:\/\/api.w.org\/{rel}","templated":true}]}}